{"id":1434,"date":"2026-03-02T11:28:03","date_gmt":"2026-03-02T10:28:03","guid":{"rendered":"https:\/\/paroisse-muzillac-billiers.fr\/?p=1434"},"modified":"2026-03-02T11:37:26","modified_gmt":"2026-03-02T10:37:26","slug":"neuvaine-pour-la-paix","status":"publish","type":"post","link":"https:\/\/paroisse-muzillac-billiers.fr\/?p=1434","title":{"rendered":"Neuvaine pour la Paix"},"content":{"rendered":"\n<h2 class=\"wp-block-heading has-text-align-center\"><em>du 13 au 21 mars 2026<\/em><\/h2>\n\n\n\n<h2 class=\"wp-block-heading has-primary-color has-text-color has-link-color wp-elements-df9b02955d23d9f185912581d615ad61\"><strong>Comment prier la neuvaine ?<\/strong><\/h2>\n\n\n\n<h3 class=\"wp-block-heading has-foreground-color has-text-color has-link-color wp-elements-f6c81b9feaf9361f14c5d8692f943e59\"><strong>Chaque jour<\/strong><br>1\/ Signe de Croix<br>2\/ Pri\u00e8re commune<br>3\/ Intention du jour<br>4\/ Une dizaine de chapelet<br>5\/ Invocation finale<\/h3>\n\n\n\n<figure class=\"wp-block-pullquote\"><blockquote><p><strong>5 \u00c0 7 MINUTES SUFFISENT<\/strong><\/p><\/blockquote><\/figure>\n\n\n\n<h4 class=\"wp-block-heading\"><strong>1\/ Signe de Croix<\/strong><\/h4>\n\n\n\n<p>Au nom du P\u00e8re, et du Fils, et du Saint Esprit. Amen.<\/p>\n\n\n\n<h4 class=\"wp-block-heading\"><strong>2\/ Pri\u00e8re commune<\/strong><\/h4>\n\n\n\n<p>Notre-Dame de la Tronchaye, puissante protectrice des chr\u00e9tiens, \u00e9coutez notre humble pri\u00e8re. Obtenez la paix dans nos familles, en France et dans le monde; gardez la foi dans la jeunesse et l&#8217;innocence chez nos enfants. \u00d4 Vierge Marie, vous savez ce qui est le plus n\u00e9cessaire pour notre salut. Donnez-nous force et courage dans les \u00e9preuves, sans nous laisser dominer par le d\u00e9couragement. Faites grandir en nos c\u0153urs la paix, fruits de la Justice, de la V\u00e9rit\u00e9 et de la Charit\u00e9. Apprenez-nous \u00e0 aimer notre prochain en Dieu. Amen.<\/p>\n\n\n\n<h4 class=\"wp-block-heading\"><strong>3\/ Intention du jour<\/strong><\/h4>\n\n\n\n<p>\u2022 13 mars &#8211; Pour la Paix de notre c\u0153ur<br>\u2022 14 mars &#8211; Pour les cat\u00e9chum\u00e8nes<br>\u2022 15 mars &#8211; Pour les enfants et les jeunes<br>\u2022 16 mars &#8211; Pour l&#8217;\u00c9glise<br>\u2022 17 mars &#8211; Pour la France<br>\u2022 18 mars &#8211; Pour les nations en guerre<br>\u2022 19 mars &#8211; Pour nos familles<br>\u2022 20 mars &#8211; Pour les personnes \u00e9prouv\u00e9es<br>\u2022 21 mars &#8211; Pour les p\u00e9lerins du Doyenn\u00e9<\/p>\n\n\n\n<h4 class=\"wp-block-heading\"><strong>4\/ Une dizaine de chapelet<\/strong><\/h4>\n\n\n\n<div class=\"wp-block-media-text is-stacked-on-mobile\"><figure class=\"wp-block-media-text__media\"><img loading=\"lazy\" decoding=\"async\" width=\"1024\" height=\"1024\" src=\"https:\/\/paroisse-muzillac-billiers.fr\/wp-content\/uploads\/2026\/03\/7921317-1024x1024.jpg\" alt=\"\" class=\"wp-image-1436 size-full\" srcset=\"https:\/\/paroisse-muzillac-billiers.fr\/wp-content\/uploads\/2026\/03\/7921317-1024x1024.jpg 1024w, https:\/\/paroisse-muzillac-billiers.fr\/wp-content\/uploads\/2026\/03\/7921317-300x300.jpg 300w, https:\/\/paroisse-muzillac-billiers.fr\/wp-content\/uploads\/2026\/03\/7921317-150x150.jpg 150w, https:\/\/paroisse-muzillac-billiers.fr\/wp-content\/uploads\/2026\/03\/7921317-768x768.jpg 768w, https:\/\/paroisse-muzillac-billiers.fr\/wp-content\/uploads\/2026\/03\/7921317-1536x1536.jpg 1536w, https:\/\/paroisse-muzillac-billiers.fr\/wp-content\/uploads\/2026\/03\/7921317-1568x1568.jpg 1568w, https:\/\/paroisse-muzillac-billiers.fr\/wp-content\/uploads\/2026\/03\/7921317.jpg 2000w\" sizes=\"auto, (max-width: 1024px) 100vw, 1024px\" \/><\/figure><div class=\"wp-block-media-text__content\">\n<p>Comment r\u00e9citer le chapelet&nbsp;?<\/p>\n\n\n\n<p>On commence par le Signe de Croix\u00a0: Au nom du P\u00e8re, du Fils et du Saint Esprit. Amen.\u00a0<\/p>\n\n\n\n<p>Puis, on redit notre foi avec la pri\u00e8re du&nbsp;<em><a href=\"https:\/\/dioceseparis.fr\/je-crois-en-dieu-ou-credo.html\">Je Crois en Dieu<\/a><\/em>.<\/p>\n\n\n\n<p>Sur le Premier grain, on dit le&nbsp;<em><a href=\"https:\/\/dioceseparis.fr\/la-priere-du-seigneur-notre-pere.html\">Notre P\u00e8re<\/a><\/em>&nbsp;puis sur les trois grains suivants&nbsp;: trois&nbsp;<em><a href=\"https:\/\/dioceseparis.fr\/je-vous-salue-marie.html\">Je vous salue Marie<\/a><\/em>&nbsp;et le&nbsp;<em>Gloire au P\u00e8re<\/em>, hommage d\u2019amour et d\u2019adoration \u00e0 la Trinit\u00e9.<\/p>\n\n\n\n<blockquote class=\"wp-block-quote is-layout-flow wp-block-quote-is-layout-flow\">\n<p>\u00ab&nbsp;Gloire au P\u00e8re, au Fils et au Saint Esprit,<br>comme il \u00e9tait au commencement, maintenant et toujours<br>dans les si\u00e8cles des si\u00e8cles. Amen.&nbsp;\u00bb<\/p>\n<\/blockquote>\n\n\n\n<p>Puis on r\u00e9cite un\u00a0<em><a href=\"https:\/\/dioceseparis.fr\/la-priere-du-seigneur-notre-pere.html\">Notre P\u00e8re<\/a><\/em>, \u00a0dix\u00a0<em><a href=\"https:\/\/dioceseparis.fr\/je-vous-salue-marie.html\">Je vous salue Marie<\/a><\/em>\u00a0suivi du <em>Gloire au P\u00e8re<\/em>\u00a0qui termine chaque dizaine.<\/p>\n<\/div><\/div>\n\n\n\n<h4 class=\"wp-block-heading\"><strong>5\/ Invocation finale<\/strong><\/h4>\n\n\n\n<p>Notre-Dame de la Tronchaye, priez pour nous, pour l&#8217;\u00c9glise et pour la France.<\/p>\n\n\n\n<p>(Signe de Croix) Au nom du P\u00e8re, et du Fils, et du Saint Esprit. Amen.<\/p>\n","protected":false},"excerpt":{"rendered":"<p>du 13 au 21 mars 2026 Comment prier la neuvaine ? Chaque jour1\/ Signe de Croix2\/ Pri\u00e8re commune3\/ Intention du jour4\/ Une dizaine de chapelet5\/ Invocation finale 5 \u00c0 7 MINUTES SUFFISENT 1\/ Signe de Croix Au nom du P\u00e8re, et du Fils, et du Saint Esprit. Amen. 2\/ Pri\u00e8re commune Notre-Dame de la Tronchaye,<a class=\"more-link\" href=\"https:\/\/paroisse-muzillac-billiers.fr\/?p=1434\">Continue reading <span class=\"screen-reader-text\">&#8220;Neuvaine pour la Paix&#8221;<\/span><\/a><\/p>\n","protected":false},"author":2,"featured_media":1437,"comment_status":"closed","ping_status":"open","sticky":false,"template":"","format":"standard","meta":{"iawp_total_views":27,"footnotes":""},"categories":[18,10,21],"tags":[],"class_list":["post-1434","post","type-post","status-publish","format-standard","has-post-thumbnail","hentry","category-careme","category-pelerinage","category-priere","entry"],"yoast_head":"<!-- This site is optimized with the Yoast SEO plugin v24.8.1 - https:\/\/yoast.com\/wordpress\/plugins\/seo\/ -->\n<title>Neuvaine pour la Paix - PAROISSE MUZILLAC ET BILLIERS<\/title>\n<meta name=\"robots\" content=\"index, follow, max-snippet:-1, max-image-preview:large, max-video-preview:-1\" \/>\n<link rel=\"canonical\" href=\"https:\/\/paroisse-muzillac-billiers.fr\/?p=1434\" \/>\n<meta property=\"og:locale\" content=\"en_US\" \/>\n<meta property=\"og:type\" content=\"article\" \/>\n<meta property=\"og:title\" content=\"Neuvaine pour la Paix - PAROISSE MUZILLAC ET BILLIERS\" \/>\n<meta property=\"og:description\" content=\"du 13 au 21 mars 2026 Comment prier la neuvaine ? Chaque jour1\/ Signe de Croix2\/ Pri\u00e8re commune3\/ Intention du jour4\/ Une dizaine de chapelet5\/ Invocation finale 5 \u00c0 7 MINUTES SUFFISENT 1\/ Signe de Croix Au nom du P\u00e8re, et du Fils, et du Saint Esprit. Amen. 2\/ Pri\u00e8re commune Notre-Dame de la Tronchaye,Continue reading &quot;Neuvaine pour la Paix&quot;\" \/>\n<meta property=\"og:url\" content=\"https:\/\/paroisse-muzillac-billiers.fr\/?p=1434\" \/>\n<meta property=\"og:site_name\" content=\"PAROISSE MUZILLAC ET BILLIERS\" \/>\n<meta property=\"article:published_time\" content=\"2026-03-02T10:28:03+00:00\" \/>\n<meta property=\"article:modified_time\" content=\"2026-03-02T10:37:26+00:00\" \/>\n<meta property=\"og:image\" content=\"http:\/\/paroisse-muzillac-billiers.fr\/wp-content\/uploads\/2026\/03\/520676-PISSWE-409.jpg\" \/>\n\t<meta property=\"og:image:width\" content=\"2000\" \/>\n\t<meta property=\"og:image:height\" content=\"2000\" \/>\n\t<meta property=\"og:image:type\" content=\"image\/jpeg\" \/>\n<meta name=\"author\" content=\"Mathilde d&#039;Andign\u00e9\" \/>\n<meta name=\"twitter:card\" content=\"summary_large_image\" \/>\n<meta name=\"twitter:label1\" content=\"Written by\" \/>\n\t<meta name=\"twitter:data1\" content=\"Mathilde d&#039;Andign\u00e9\" \/>\n\t<meta name=\"twitter:label2\" content=\"Est. reading time\" \/>\n\t<meta name=\"twitter:data2\" content=\"3 minutes\" \/>\n<script type=\"application\/ld+json\" class=\"yoast-schema-graph\">{\"@context\":\"https:\/\/schema.org\",\"@graph\":[{\"@type\":\"Article\",\"@id\":\"https:\/\/paroisse-muzillac-billiers.fr\/?p=1434#article\",\"isPartOf\":{\"@id\":\"https:\/\/paroisse-muzillac-billiers.fr\/?p=1434\"},\"author\":{\"name\":\"Mathilde d'Andign\u00e9\",\"@id\":\"https:\/\/paroisse-muzillac-billiers.fr\/#\/schema\/person\/498af4fc261b9d89e91578fb73b76c05\"},\"headline\":\"Neuvaine pour la Paix\",\"datePublished\":\"2026-03-02T10:28:03+00:00\",\"dateModified\":\"2026-03-02T10:37:26+00:00\",\"mainEntityOfPage\":{\"@id\":\"https:\/\/paroisse-muzillac-billiers.fr\/?p=1434\"},\"wordCount\":374,\"publisher\":{\"@id\":\"https:\/\/paroisse-muzillac-billiers.fr\/#organization\"},\"image\":{\"@id\":\"https:\/\/paroisse-muzillac-billiers.fr\/?p=1434#primaryimage\"},\"thumbnailUrl\":\"https:\/\/paroisse-muzillac-billiers.fr\/wp-content\/uploads\/2026\/03\/520676-PISSWE-409.jpg\",\"articleSection\":[\"Car\u00eame\",\"P\u00e8lerinage\",\"Pri\u00e8re\"],\"inLanguage\":\"en-US\"},{\"@type\":\"WebPage\",\"@id\":\"https:\/\/paroisse-muzillac-billiers.fr\/?p=1434\",\"url\":\"https:\/\/paroisse-muzillac-billiers.fr\/?p=1434\",\"name\":\"Neuvaine pour la Paix - PAROISSE MUZILLAC ET BILLIERS\",\"isPartOf\":{\"@id\":\"https:\/\/paroisse-muzillac-billiers.fr\/#website\"},\"primaryImageOfPage\":{\"@id\":\"https:\/\/paroisse-muzillac-billiers.fr\/?p=1434#primaryimage\"},\"image\":{\"@id\":\"https:\/\/paroisse-muzillac-billiers.fr\/?p=1434#primaryimage\"},\"thumbnailUrl\":\"https:\/\/paroisse-muzillac-billiers.fr\/wp-content\/uploads\/2026\/03\/520676-PISSWE-409.jpg\",\"datePublished\":\"2026-03-02T10:28:03+00:00\",\"dateModified\":\"2026-03-02T10:37:26+00:00\",\"breadcrumb\":{\"@id\":\"https:\/\/paroisse-muzillac-billiers.fr\/?p=1434#breadcrumb\"},\"inLanguage\":\"en-US\",\"potentialAction\":[{\"@type\":\"ReadAction\",\"target\":[\"https:\/\/paroisse-muzillac-billiers.fr\/?p=1434\"]}]},{\"@type\":\"ImageObject\",\"inLanguage\":\"en-US\",\"@id\":\"https:\/\/paroisse-muzillac-billiers.fr\/?p=1434#primaryimage\",\"url\":\"https:\/\/paroisse-muzillac-billiers.fr\/wp-content\/uploads\/2026\/03\/520676-PISSWE-409.jpg\",\"contentUrl\":\"https:\/\/paroisse-muzillac-billiers.fr\/wp-content\/uploads\/2026\/03\/520676-PISSWE-409.jpg\",\"width\":2000,\"height\":2000},{\"@type\":\"BreadcrumbList\",\"@id\":\"https:\/\/paroisse-muzillac-billiers.fr\/?p=1434#breadcrumb\",\"itemListElement\":[{\"@type\":\"ListItem\",\"position\":1,\"name\":\"Accueil\",\"item\":\"https:\/\/paroisse-muzillac-billiers.fr\/\"},{\"@type\":\"ListItem\",\"position\":2,\"name\":\"Neuvaine pour la Paix\"}]},{\"@type\":\"WebSite\",\"@id\":\"https:\/\/paroisse-muzillac-billiers.fr\/#website\",\"url\":\"https:\/\/paroisse-muzillac-billiers.fr\/\",\"name\":\"PAROISSE MUZILLAC ET BILLIERS\",\"description\":\"\",\"publisher\":{\"@id\":\"https:\/\/paroisse-muzillac-billiers.fr\/#organization\"},\"potentialAction\":[{\"@type\":\"SearchAction\",\"target\":{\"@type\":\"EntryPoint\",\"urlTemplate\":\"https:\/\/paroisse-muzillac-billiers.fr\/?s={search_term_string}\"},\"query-input\":{\"@type\":\"PropertyValueSpecification\",\"valueRequired\":true,\"valueName\":\"search_term_string\"}}],\"inLanguage\":\"en-US\"},{\"@type\":\"Organization\",\"@id\":\"https:\/\/paroisse-muzillac-billiers.fr\/#organization\",\"name\":\"PAROISSE MUZILLAC ET BILLIERS\",\"url\":\"https:\/\/paroisse-muzillac-billiers.fr\/\",\"logo\":{\"@type\":\"ImageObject\",\"inLanguage\":\"en-US\",\"@id\":\"https:\/\/paroisse-muzillac-billiers.fr\/#\/schema\/logo\/image\/\",\"url\":\"https:\/\/paroisse-muzillac-billiers.fr\/wp-content\/uploads\/2025\/02\/cropped-Logo-Paroisse-Muzillac-Billiers-petit.jpg\",\"contentUrl\":\"https:\/\/paroisse-muzillac-billiers.fr\/wp-content\/uploads\/2025\/02\/cropped-Logo-Paroisse-Muzillac-Billiers-petit.jpg\",\"width\":519,\"height\":260,\"caption\":\"PAROISSE MUZILLAC ET BILLIERS\"},\"image\":{\"@id\":\"https:\/\/paroisse-muzillac-billiers.fr\/#\/schema\/logo\/image\/\"}},{\"@type\":\"Person\",\"@id\":\"https:\/\/paroisse-muzillac-billiers.fr\/#\/schema\/person\/498af4fc261b9d89e91578fb73b76c05\",\"name\":\"Mathilde d'Andign\u00e9\",\"image\":{\"@type\":\"ImageObject\",\"inLanguage\":\"en-US\",\"@id\":\"https:\/\/paroisse-muzillac-billiers.fr\/#\/schema\/person\/image\/\",\"url\":\"https:\/\/secure.gravatar.com\/avatar\/f27eb52e60edb0fc67097e650a1aae1b137f9325e0438c5b5330f4d8986d970d?s=96&d=mm&r=g\",\"contentUrl\":\"https:\/\/secure.gravatar.com\/avatar\/f27eb52e60edb0fc67097e650a1aae1b137f9325e0438c5b5330f4d8986d970d?s=96&d=mm&r=g\",\"caption\":\"Mathilde d'Andign\u00e9\"},\"url\":\"https:\/\/paroisse-muzillac-billiers.fr\/?author=2\"}]}<\/script>\n<!-- \/ Yoast SEO plugin. -->","yoast_head_json":{"title":"Neuvaine pour la Paix - PAROISSE MUZILLAC ET BILLIERS","robots":{"index":"index","follow":"follow","max-snippet":"max-snippet:-1","max-image-preview":"max-image-preview:large","max-video-preview":"max-video-preview:-1"},"canonical":"https:\/\/paroisse-muzillac-billiers.fr\/?p=1434","og_locale":"en_US","og_type":"article","og_title":"Neuvaine pour la Paix - PAROISSE MUZILLAC ET BILLIERS","og_description":"du 13 au 21 mars 2026 Comment prier la neuvaine ? Chaque jour1\/ Signe de Croix2\/ Pri\u00e8re commune3\/ Intention du jour4\/ Une dizaine de chapelet5\/ Invocation finale 5 \u00c0 7 MINUTES SUFFISENT 1\/ Signe de Croix Au nom du P\u00e8re, et du Fils, et du Saint Esprit. Amen. 2\/ Pri\u00e8re commune Notre-Dame de la Tronchaye,Continue reading \"Neuvaine pour la Paix\"","og_url":"https:\/\/paroisse-muzillac-billiers.fr\/?p=1434","og_site_name":"PAROISSE MUZILLAC ET BILLIERS","article_published_time":"2026-03-02T10:28:03+00:00","article_modified_time":"2026-03-02T10:37:26+00:00","og_image":[{"width":2000,"height":2000,"url":"http:\/\/paroisse-muzillac-billiers.fr\/wp-content\/uploads\/2026\/03\/520676-PISSWE-409.jpg","type":"image\/jpeg"}],"author":"Mathilde d'Andign\u00e9","twitter_card":"summary_large_image","twitter_misc":{"Written by":"Mathilde d'Andign\u00e9","Est. reading time":"3 minutes"},"schema":{"@context":"https:\/\/schema.org","@graph":[{"@type":"Article","@id":"https:\/\/paroisse-muzillac-billiers.fr\/?p=1434#article","isPartOf":{"@id":"https:\/\/paroisse-muzillac-billiers.fr\/?p=1434"},"author":{"name":"Mathilde d'Andign\u00e9","@id":"https:\/\/paroisse-muzillac-billiers.fr\/#\/schema\/person\/498af4fc261b9d89e91578fb73b76c05"},"headline":"Neuvaine pour la Paix","datePublished":"2026-03-02T10:28:03+00:00","dateModified":"2026-03-02T10:37:26+00:00","mainEntityOfPage":{"@id":"https:\/\/paroisse-muzillac-billiers.fr\/?p=1434"},"wordCount":374,"publisher":{"@id":"https:\/\/paroisse-muzillac-billiers.fr\/#organization"},"image":{"@id":"https:\/\/paroisse-muzillac-billiers.fr\/?p=1434#primaryimage"},"thumbnailUrl":"https:\/\/paroisse-muzillac-billiers.fr\/wp-content\/uploads\/2026\/03\/520676-PISSWE-409.jpg","articleSection":["Car\u00eame","P\u00e8lerinage","Pri\u00e8re"],"inLanguage":"en-US"},{"@type":"WebPage","@id":"https:\/\/paroisse-muzillac-billiers.fr\/?p=1434","url":"https:\/\/paroisse-muzillac-billiers.fr\/?p=1434","name":"Neuvaine pour la Paix - PAROISSE MUZILLAC ET BILLIERS","isPartOf":{"@id":"https:\/\/paroisse-muzillac-billiers.fr\/#website"},"primaryImageOfPage":{"@id":"https:\/\/paroisse-muzillac-billiers.fr\/?p=1434#primaryimage"},"image":{"@id":"https:\/\/paroisse-muzillac-billiers.fr\/?p=1434#primaryimage"},"thumbnailUrl":"https:\/\/paroisse-muzillac-billiers.fr\/wp-content\/uploads\/2026\/03\/520676-PISSWE-409.jpg","datePublished":"2026-03-02T10:28:03+00:00","dateModified":"2026-03-02T10:37:26+00:00","breadcrumb":{"@id":"https:\/\/paroisse-muzillac-billiers.fr\/?p=1434#breadcrumb"},"inLanguage":"en-US","potentialAction":[{"@type":"ReadAction","target":["https:\/\/paroisse-muzillac-billiers.fr\/?p=1434"]}]},{"@type":"ImageObject","inLanguage":"en-US","@id":"https:\/\/paroisse-muzillac-billiers.fr\/?p=1434#primaryimage","url":"https:\/\/paroisse-muzillac-billiers.fr\/wp-content\/uploads\/2026\/03\/520676-PISSWE-409.jpg","contentUrl":"https:\/\/paroisse-muzillac-billiers.fr\/wp-content\/uploads\/2026\/03\/520676-PISSWE-409.jpg","width":2000,"height":2000},{"@type":"BreadcrumbList","@id":"https:\/\/paroisse-muzillac-billiers.fr\/?p=1434#breadcrumb","itemListElement":[{"@type":"ListItem","position":1,"name":"Accueil","item":"https:\/\/paroisse-muzillac-billiers.fr\/"},{"@type":"ListItem","position":2,"name":"Neuvaine pour la Paix"}]},{"@type":"WebSite","@id":"https:\/\/paroisse-muzillac-billiers.fr\/#website","url":"https:\/\/paroisse-muzillac-billiers.fr\/","name":"PAROISSE MUZILLAC ET BILLIERS","description":"","publisher":{"@id":"https:\/\/paroisse-muzillac-billiers.fr\/#organization"},"potentialAction":[{"@type":"SearchAction","target":{"@type":"EntryPoint","urlTemplate":"https:\/\/paroisse-muzillac-billiers.fr\/?s={search_term_string}"},"query-input":{"@type":"PropertyValueSpecification","valueRequired":true,"valueName":"search_term_string"}}],"inLanguage":"en-US"},{"@type":"Organization","@id":"https:\/\/paroisse-muzillac-billiers.fr\/#organization","name":"PAROISSE MUZILLAC ET BILLIERS","url":"https:\/\/paroisse-muzillac-billiers.fr\/","logo":{"@type":"ImageObject","inLanguage":"en-US","@id":"https:\/\/paroisse-muzillac-billiers.fr\/#\/schema\/logo\/image\/","url":"https:\/\/paroisse-muzillac-billiers.fr\/wp-content\/uploads\/2025\/02\/cropped-Logo-Paroisse-Muzillac-Billiers-petit.jpg","contentUrl":"https:\/\/paroisse-muzillac-billiers.fr\/wp-content\/uploads\/2025\/02\/cropped-Logo-Paroisse-Muzillac-Billiers-petit.jpg","width":519,"height":260,"caption":"PAROISSE MUZILLAC ET BILLIERS"},"image":{"@id":"https:\/\/paroisse-muzillac-billiers.fr\/#\/schema\/logo\/image\/"}},{"@type":"Person","@id":"https:\/\/paroisse-muzillac-billiers.fr\/#\/schema\/person\/498af4fc261b9d89e91578fb73b76c05","name":"Mathilde d'Andign\u00e9","image":{"@type":"ImageObject","inLanguage":"en-US","@id":"https:\/\/paroisse-muzillac-billiers.fr\/#\/schema\/person\/image\/","url":"https:\/\/secure.gravatar.com\/avatar\/f27eb52e60edb0fc67097e650a1aae1b137f9325e0438c5b5330f4d8986d970d?s=96&d=mm&r=g","contentUrl":"https:\/\/secure.gravatar.com\/avatar\/f27eb52e60edb0fc67097e650a1aae1b137f9325e0438c5b5330f4d8986d970d?s=96&d=mm&r=g","caption":"Mathilde d'Andign\u00e9"},"url":"https:\/\/paroisse-muzillac-billiers.fr\/?author=2"}]}},"_links":{"self":[{"href":"https:\/\/paroisse-muzillac-billiers.fr\/index.php?rest_route=\/wp\/v2\/posts\/1434","targetHints":{"allow":["GET"]}}],"collection":[{"href":"https:\/\/paroisse-muzillac-billiers.fr\/index.php?rest_route=\/wp\/v2\/posts"}],"about":[{"href":"https:\/\/paroisse-muzillac-billiers.fr\/index.php?rest_route=\/wp\/v2\/types\/post"}],"author":[{"embeddable":true,"href":"https:\/\/paroisse-muzillac-billiers.fr\/index.php?rest_route=\/wp\/v2\/users\/2"}],"replies":[{"embeddable":true,"href":"https:\/\/paroisse-muzillac-billiers.fr\/index.php?rest_route=%2Fwp%2Fv2%2Fcomments&post=1434"}],"version-history":[{"count":1,"href":"https:\/\/paroisse-muzillac-billiers.fr\/index.php?rest_route=\/wp\/v2\/posts\/1434\/revisions"}],"predecessor-version":[{"id":1438,"href":"https:\/\/paroisse-muzillac-billiers.fr\/index.php?rest_route=\/wp\/v2\/posts\/1434\/revisions\/1438"}],"wp:featuredmedia":[{"embeddable":true,"href":"https:\/\/paroisse-muzillac-billiers.fr\/index.php?rest_route=\/wp\/v2\/media\/1437"}],"wp:attachment":[{"href":"https:\/\/paroisse-muzillac-billiers.fr\/index.php?rest_route=%2Fwp%2Fv2%2Fmedia&parent=1434"}],"wp:term":[{"taxonomy":"category","embeddable":true,"href":"https:\/\/paroisse-muzillac-billiers.fr\/index.php?rest_route=%2Fwp%2Fv2%2Fcategories&post=1434"},{"taxonomy":"post_tag","embeddable":true,"href":"https:\/\/paroisse-muzillac-billiers.fr\/index.php?rest_route=%2Fwp%2Fv2%2Ftags&post=1434"}],"curies":[{"name":"wp","href":"https:\/\/api.w.org\/{rel}","templated":true}]}}